{"id":100,"date":"2025-06-18T19:58:37","date_gmt":"2025-06-18T19:58:37","guid":{"rendered":"https:\/\/primerosanluis.com\/?p=100"},"modified":"2025-06-18T19:58:37","modified_gmt":"2025-06-18T19:58:37","slug":"galindo-quiere-imponer-pero-los-pueblos-indigenas-le-dicen-no","status":"publish","type":"post","link":"https:\/\/primerosanluis.com\/index.php\/2025\/06\/18\/galindo-quiere-imponer-pero-los-pueblos-indigenas-le-dicen-no\/","title":{"rendered":"Galindo quiere imponer, pero los pueblos ind\u00edgenas le dicen \u00a1no!"},"content":{"rendered":"\n<p class=\"p1\">Las comunidades ind\u00edgenas de San Luis Potos\u00ed alzaron la voz y rechazaron la imposici\u00f3n de Palmira Flores Garc\u00eda como titular de la Unidad de Atenci\u00f3n a Pueblos Ind\u00edgenas del municipio, decisi\u00f3n que se\u00f1alan fue orquestada por el alcalde Enrique Galindo Ceballos.<\/p>\n\n\n\n<p class=\"p1\">El Colectivo Voces y Ra\u00edces de Mujeres Ind\u00edgenas, conformado por representantes de los pueblos Mazahua, Otom\u00ed, Mixteca baja, N\u00e1huatl, T\u00e9nek y Triki, denunci\u00f3 que Palmira Flores ha intentado manipular el proceso de elecci\u00f3n, organizando protestas con personas ajenas a las comunidades originarias. Aseguran que ella no representa sus intereses, ni ha trabajado en beneficio de su gente, adem\u00e1s de se\u00f1alar que ha discriminado a su propio pueblo y ha ignorado la lengua triqui.<\/p>\n\n\n\n<p class=\"p1\">Las mujeres ind\u00edgenas celebraron que se convoque a una nueva elecci\u00f3n y exigieron al presidente municipal no intervenir para pagar favores pol\u00edticos. Tambi\u00e9n se deslindaron de cualquier acto de confrontaci\u00f3n que Flores pretenda justificar en nombre de los pueblos originarios.<\/p>\n\n\n\n<p class=\"p1\">\u201cQueremos respeto, no imposiciones\u201d, sentenciaron, dejando claro que no permitir\u00e1n que se siga usando a los pueblos ind\u00edgenas con fines pol\u00edticos.<\/p>\n","protected":false},"excerpt":{"rendered":"<p>Las comunidades ind\u00edgenas de San Luis Potos\u00ed alzaron la voz y rechazaron la imposici\u00f3n de Palmira Flores Garc\u00eda como titular de la Unidad de Atenci\u00f3n a Pueblos Ind\u00edgenas del municipio, decisi\u00f3n que se\u00f1alan fue orquestada por el alcalde Enrique Galindo Ceballos. El Colectivo Voces y Ra\u00edces de Mujeres Ind\u00edgenas, conformado por representantes de los pueblos [&hellip;]<\/p>\n","protected":false},"author":1,"featured_media":99,"comment_status":"closed","ping_status":"open","sticky":false,"template":"","format":"standard","meta":{"footnotes":""},"categories":[7],"tags":[13,12,11],"class_list":["post-100","post","type-post","status-publish","format-standard","has-post-thumbnail","hentry","category-san-luis-potosi","tag-enrique-galindo-ceballos","tag-pri","tag-san-luis-potosi"],"_links":{"self":[{"href":"https:\/\/primerosanluis.com\/index.php\/wp-json\/wp\/v2\/posts\/100","targetHints":{"allow":["GET"]}}],"collection":[{"href":"https:\/\/primerosanluis.com\/index.php\/wp-json\/wp\/v2\/posts"}],"about":[{"href":"https:\/\/primerosanluis.com\/index.php\/wp-json\/wp\/v2\/types\/post"}],"author":[{"embeddable":true,"href":"https:\/\/primerosanluis.com\/index.php\/wp-json\/wp\/v2\/users\/1"}],"replies":[{"embeddable":true,"href":"https:\/\/primerosanluis.com\/index.php\/wp-json\/wp\/v2\/comments?post=100"}],"version-history":[{"count":1,"href":"https:\/\/primerosanluis.com\/index.php\/wp-json\/wp\/v2\/posts\/100\/revisions"}],"predecessor-version":[{"id":101,"href":"https:\/\/primerosanluis.com\/index.php\/wp-json\/wp\/v2\/posts\/100\/revisions\/101"}],"wp:featuredmedia":[{"embeddable":true,"href":"https:\/\/primerosanluis.com\/index.php\/wp-json\/wp\/v2\/media\/99"}],"wp:attachment":[{"href":"https:\/\/primerosanluis.com\/index.php\/wp-json\/wp\/v2\/media?parent=100"}],"wp:term":[{"taxonomy":"category","embeddable":true,"href":"https:\/\/primerosanluis.com\/index.php\/wp-json\/wp\/v2\/categories?post=100"},{"taxonomy":"post_tag","embeddable":true,"href":"https:\/\/primerosanluis.com\/index.php\/wp-json\/wp\/v2\/tags?post=100"}],"curies":[{"name":"wp","href":"https:\/\/api.w.org\/{rel}","templated":true}]}}